{"id":1575,"date":"2016-11-15T16:53:07","date_gmt":"2016-11-15T15:53:07","guid":{"rendered":"http:\/\/foxgraph.fr\/?p=1575"},"modified":"2017-01-19T13:08:07","modified_gmt":"2017-01-19T12:08:07","slug":"pourquoi-je-ne-reviendrais-jamais-chez-apple","status":"publish","type":"post","link":"https:\/\/foxgraph.fr\/index.php\/2016\/11\/15\/pourquoi-je-ne-reviendrais-jamais-chez-apple\/","title":{"rendered":"Pourquoi je ne reviendrai jamais chez Apple"},"content":{"rendered":"<p>[et_pb_section transparent_background=\u00a0\u00bboff\u00a0\u00bb allow_player_pause=\u00a0\u00bboff\u00a0\u00bb inner_shadow=\u00a0\u00bboff\u00a0\u00bb parallax=\u00a0\u00bboff\u00a0\u00bb parallax_method=\u00a0\u00bbon\u00a0\u00bb padding_mobile=\u00a0\u00bboff\u00a0\u00bb make_fullwidth=\u00a0\u00bboff\u00a0\u00bb use_custom_width=\u00a0\u00bboff\u00a0\u00bb width_unit=\u00a0\u00bboff\u00a0\u00bb custom_width_px=\u00a0\u00bb1080px\u00a0\u00bb custom_width_percent=\u00a0\u00bb80%\u00a0\u00bb make_equal=\u00a0\u00bboff\u00a0\u00bb use_custom_gutter=\u00a0\u00bboff\u00a0\u00bb fullwidth=\u00a0\u00bbon\u00a0\u00bb specialty=\u00a0\u00bboff\u00a0\u00bb admin_label=\u00a0\u00bbSection\u00a0\u00bb disabled=\u00a0\u00bboff\u00a0\u00bb][et_pb_fullwidth_post_title title=\u00a0\u00bbon\u00a0\u00bb meta=\u00a0\u00bbon\u00a0\u00bb author=\u00a0\u00bboff\u00a0\u00bb date=\u00a0\u00bbon\u00a0\u00bb date_format=\u00a0\u00bbj M Y\u00a0\u00bb categories=\u00a0\u00bbon\u00a0\u00bb comments=\u00a0\u00bboff\u00a0\u00bb featured_image=\u00a0\u00bbon\u00a0\u00bb featured_placement=\u00a0\u00bbbackground\u00a0\u00bb parallax_effect=\u00a0\u00bboff\u00a0\u00bb parallax_method=\u00a0\u00bbon\u00a0\u00bb text_orientation=\u00a0\u00bbcenter\u00a0\u00bb text_color=\u00a0\u00bblight\u00a0\u00bb text_background=\u00a0\u00bbon\u00a0\u00bb text_bg_color=\u00a0\u00bbrgba(71,71,71,0.27)\u00a0\u00bb admin_label=\u00a0\u00bbTitre du poste en pleine largeur\u00a0\u00bb module_class=\u00a0\u00bbblog_titre\u00a0\u00bb title_font=\u00a0\u00bb|on|||\u00a0\u00bb title_font_size=\u00a0\u00bb45px\u00a0\u00bb title_all_caps=\u00a0\u00bboff\u00a0\u00bb use_border_color=\u00a0\u00bboff\u00a0\u00bb border_color=\u00a0\u00bb#ffffff\u00a0\u00bb border_width=\u00a0\u00bb1px\u00a0\u00bb border_style=\u00a0\u00bbsolid\u00a0\u00bb disabled=\u00a0\u00bboff\u00a0\u00bb]<br \/>\n[\/et_pb_fullwidth_post_title][\/et_pb_section][et_pb_section transparent_background=\u00a0\u00bboff\u00a0\u00bb allow_player_pause=\u00a0\u00bboff\u00a0\u00bb inner_shadow=\u00a0\u00bboff\u00a0\u00bb parallax=\u00a0\u00bboff\u00a0\u00bb parallax_method=\u00a0\u00bboff\u00a0\u00bb padding_mobile=\u00a0\u00bboff\u00a0\u00bb make_fullwidth=\u00a0\u00bboff\u00a0\u00bb use_custom_width=\u00a0\u00bboff\u00a0\u00bb width_unit=\u00a0\u00bbon\u00a0\u00bb custom_width_px=\u00a0\u00bb1080px\u00a0\u00bb custom_width_percent=\u00a0\u00bb80%\u00a0\u00bb make_equal=\u00a0\u00bboff\u00a0\u00bb use_custom_gutter=\u00a0\u00bboff\u00a0\u00bb fullwidth=\u00a0\u00bboff\u00a0\u00bb specialty=\u00a0\u00bboff\u00a0\u00bb admin_label=\u00a0\u00bbsection\u00a0\u00bb module_class=\u00a0\u00bbblog\u00a0\u00bb disabled=\u00a0\u00bboff\u00a0\u00bb][et_pb_row make_fullwidth=\u00a0\u00bboff\u00a0\u00bb use_custom_width=\u00a0\u00bboff\u00a0\u00bb width_unit=\u00a0\u00bboff\u00a0\u00bb custom_width_px=\u00a0\u00bb1080px\u00a0\u00bb custom_width_percent=\u00a0\u00bb80%\u00a0\u00bb use_custom_gutter=\u00a0\u00bboff\u00a0\u00bb gutter_width=\u00a0\u00bb2&Prime; padding_mobile=\u00a0\u00bboff\u00a0\u00bb allow_player_pause=\u00a0\u00bboff\u00a0\u00bb parallax=\u00a0\u00bboff\u00a0\u00bb parallax_method=\u00a0\u00bbon\u00a0\u00bb make_equal=\u00a0\u00bboff\u00a0\u00bb column_padding_mobile=\u00a0\u00bbon\u00a0\u00bb parallax_1=\u00a0\u00bboff\u00a0\u00bb parallax_method_1=\u00a0\u00bbon\u00a0\u00bb parallax_2=\u00a0\u00bboff\u00a0\u00bb parallax_method_2=\u00a0\u00bbon\u00a0\u00bb parallax_3=\u00a0\u00bboff\u00a0\u00bb parallax_method_3=\u00a0\u00bbon\u00a0\u00bb parallax_4=\u00a0\u00bboff\u00a0\u00bb parallax_method_4=\u00a0\u00bbon\u00a0\u00bb admin_label=\u00a0\u00bbLigne\u00a0\u00bb disabled=\u00a0\u00bboff\u00a0\u00bb][et_pb_column type=\u00a0\u00bb3_4&Prime; disabled=\u00a0\u00bboff\u00a0\u00bb parallax=\u00a0\u00bboff\u00a0\u00bb parallax_method=\u00a0\u00bbon\u00a0\u00bb column_padding_mobile=\u00a0\u00bbon\u00a0\u00bb][et_pb_text background_layout=\u00a0\u00bblight\u00a0\u00bb text_orientation=\u00a0\u00bbleft\u00a0\u00bb admin_label=\u00a0\u00bbTexte\u00a0\u00bb use_border_color=\u00a0\u00bboff\u00a0\u00bb border_style=\u00a0\u00bbsolid\u00a0\u00bb disabled=\u00a0\u00bboff\u00a0\u00bb]<\/p>\n<h3>Chacun sa <em>surface<\/em> de travail<\/h3>\n<h4 style=\"text-align: justify;\">R\u00e9cemment les conf\u00e9rences de Microsoft et Apple ont eu lieu. On a pu admirer le nouveau Surface studio, baver puis r\u00eaver <del>de jouer avec<\/del> travailler dessus. Mais qu\u2019en est-il de notre marque historique \u00e0 nous graphistes, autrement dit Apple\u00a0? Eh bien, une fois n\u2019est pas coutume, celle-ci nous snob totalement, voire se moque totalement de nous.<\/h4>\n<p>[\/et_pb_text][et_pb_image src=\u00a0\u00bbhttp:\/\/foxgraph.fr\/wp-content\/uploads\/2016\/11\/pourquoi-je-ne-reviendrais-jamais-chez-apple-3.jpg\u00a0\u00bb show_in_lightbox=\u00a0\u00bboff\u00a0\u00bb url_new_window=\u00a0\u00bboff\u00a0\u00bb use_overlay=\u00a0\u00bboff\u00a0\u00bb animation=\u00a0\u00bboff\u00a0\u00bb sticky=\u00a0\u00bboff\u00a0\u00bb align=\u00a0\u00bbcenter\u00a0\u00bb force_fullwidth=\u00a0\u00bboff\u00a0\u00bb always_center_on_mobile=\u00a0\u00bbon\u00a0\u00bb admin_label=\u00a0\u00bbImage\u00a0\u00bb use_border_color=\u00a0\u00bboff\u00a0\u00bb border_color=\u00a0\u00bb#ffffff\u00a0\u00bb border_width=\u00a0\u00bb1px\u00a0\u00bb border_style=\u00a0\u00bbsolid\u00a0\u00bb disabled=\u00a0\u00bboff\u00a0\u00bb]<br \/>\n[\/et_pb_image][et_pb_text background_layout=\u00a0\u00bblight\u00a0\u00bb text_orientation=\u00a0\u00bbleft\u00a0\u00bb admin_label=\u00a0\u00bbTexte\u00a0\u00bb use_border_color=\u00a0\u00bboff\u00a0\u00bb border_style=\u00a0\u00bbsolid\u00a0\u00bb disabled=\u00a0\u00bboff\u00a0\u00bb]<\/p>\n<h3>Quels sont nos besoins\u00a0?<\/h3>\n<p style=\"text-align: justify;\">En tant que professionnel de l\u2019image, nous avons besoin de puissance de calcul\u00a0; d\u2019un \u00e9cran aillant une bonne d\u00e9finition et un calibrage couleur aux petits oignons\u00a0; de mobilit\u00e9 par moment\u00a0; mais aussi d\u2019une connectique solide\u00a0! Parce qu\u2019un ordinateur, c\u2019est bien, mais un ordinateur qui communique avec nos outils de travail c\u2019est mieux\u00a0! j\u2019entends par l\u00e0 nos tablettes graphiques, appareils photo, cam\u00e9ras, imprimantes, etc\u2026<\/p>\n<p style=\"text-align: justify;\">Si l\u2019on nous \u00f4te ces connectiques, comment voulez-vous que l\u2019on fasse\u00a0? la chaine est rompue. Vous voyez o\u00f9 je veux en venir\u00a0? eh oui les nouveau macbook pro\u00a0! sous pr\u00e9texte de mobilit\u00e9, ils ont purement et simplement supprim\u00e9 toute la connectique pour mettre \u00e0 la place de l\u2019USB-C. Donc selon la pomme, mon mat\u00e9riel pro est has been, il faut tout racheter, ou casquer pour une valise d\u2019adaptateurs\u00a0; pas tr\u00e8s mobile tout \u00e7a \u2026 voil\u00e0, je sens la moutarde me monter au nez.<\/p>\n<h3>Pourquoi la mention pro chez Apple est une blague\u00a0?<\/h3>\n<p style=\"text-align: justify;\">Si l\u2019on r\u00e9fl\u00e9chit aux nouveaut\u00e9s chez Apple, ce ne sont pas des demandes des pros\u00a0: Un ordi plus fin, des nouvelles couleurs de m\u00e9tal, des enceintes int\u00e9gr\u00e9es avec plus de basses, une barre tactile (ridiculement trop petite), un trackpad g\u00e9ant (ridiculement trop grand). Ce sont des demandes du grand public \u00e7a, le pro s\u2019en fiche \u00e9perdument.<\/p>\n<p style=\"text-align: justify;\">Qu\u2019est-ce que \u00e7a peut me faire que ton ordinateur soit rose gold, je ne peux m\u00eame pas y brancher ma carte photo\u00a0!<\/p>\n<p style=\"text-align: justify;\">La fameuse touch bar \u2026 voil\u00e0 un exemple de demande grand public\u00a0: \u00ab\u00a0on a supprim\u00e9 les touches de fonctions, inutilis\u00e9es depuis longtemps\u00a0\u00bb. AH oui il est s\u00fbr que pour surfer sur Facebook elles ne servent \u00e0 rien\u2026 Mais dans les logiciels pro, elles sont tr\u00e8s utiles\u00a0! Un de mes professeurs avait coutume de dire \u00ab\u00a0un vrai pro travaillent avec ses deux mains\u00a0! pas uniquement la main droite sur la souris\u00a0!\u00a0\u00bb<\/p>\n<p style=\"text-align: justify;\">Qui plus est, si je regarde tous mes confr\u00e8res qui sont encore sur MacBook pro, tous ont branch\u00e9 un clavier\/souris et un \u00e9cran externe \u00e0 leur machine\u00a0! j\u2019ai bien dit tous\u00a0! moralit\u00e9 la touch-bar ne va pas servir souvent\u00a0\ud83d\ude09<\/p>\n<p style=\"text-align: justify;\">Je l\u2019ai dej\u00e0 dit il y a un an de cela sur <a href=\"http:\/\/foxgraph.fr\/index.php\/2015\/11\/13\/surface-pro-4\/\">mon article sur la surface pro 4 <\/a>(que je continue de trouver formidable) mais non et re-non, les ordinateurs Apple ne sont plus PRO, c\u2019est fini. Changer vos terminaisons par PREMIUM ou LUXE, ce sera plus honn\u00eate\u00a0!<\/p>\n<p>[\/et_pb_text][et_pb_video src=\u00a0\u00bbhttps:\/\/www.youtube.com\/watch?v=BzMLA8YIgG0&#038;t=43s\u00a0\u00bb admin_label=\u00a0\u00bbVid\u00e9o\u00a0\u00bb disabled=\u00a0\u00bboff\u00a0\u00bb] [\/et_pb_video][et_pb_text background_layout=\u00a0\u00bblight\u00a0\u00bb text_orientation=\u00a0\u00bbleft\u00a0\u00bb admin_label=\u00a0\u00bbTexte\u00a0\u00bb use_border_color=\u00a0\u00bboff\u00a0\u00bb border_style=\u00a0\u00bbsolid\u00a0\u00bb disabled=\u00a0\u00bboff\u00a0\u00bb]<\/p>\n<h3>Et le PC dans cette histoire\u00a0?<\/h3>\n<p style=\"text-align: justify;\">Il faut quand m\u00eame bien voir que pour le prix d\u2019un MacBook pro, on peut avoir du c\u00f4t\u00e9 PC, une tour plus puissante ET un ordinateur portable\u00a0(surface pro pour moi). Je ne vais pas dresser le calcul dans cet article, je laisse cela aux apothicaires, mais je vous assure le compte est bon\u00a0\ud83d\ude09\u00a0! Et bien-sur, tous nos logiciels pro (Abode of course) sont compatible PC, donc aucune raison de ne pas basculer.<\/p>\n<p style=\"text-align: justify;\">Alors je ne suis pas l\u00e0 pour vendre des ordinateurs hein, allez voir les professionnels de la vente pour \u00e7a, je ne suis pas sponsoris\u00e9\u00a0! (cela dit je ne dirais pas non, si Microsoft vient lire un jour cet article lol) Mais il faut bien admettre que l&rsquo;argent est une bonne motivation pour choisir son mat\u00e9riel. Pourquoi payer plus pour pas mieux ? le cot\u00e9 cool des ann\u00e9es 90\/2000 ne suffit plus !<\/p>\n<h3>Maintenant, r\u00eavons un peu<\/h3>\n<p style=\"text-align: justify;\">Vous savez quand j\u2019\u00e9tais petit, j\u2019adorais regarder mon Grand-p\u00e8re sur sa table d\u2019architecte, travailler sur ses plans \u00e0 l\u2019encre de chine, c\u2019est vraiment lui qui a fait naitre ma vocation. Et quand je regarde ce sur quoi l\u2019on voudrait nous faire travailler je r\u00eave beaucoup moins.<\/p>\n<p style=\"text-align: justify;\">Moi je veux un grand espace, que je puisse tenir, incliner, m\u2019approprier, m\u2019\u00e9taler dessus, et jeter mes id\u00e9es, mes cr\u00e9ations\u00a0! Et voil\u00e0 que Microsoft annonce\u00a0: le surface studio\u00a0!<\/p>\n<p style=\"text-align: justify;\">Alors rendons \u00e0 C\u00e9sar ce qui est au lion de Cl\u00e9op\u00e2tre, le concept n\u2019est point nouveau il est vrai\u00a0! Wacom <a href=\"http:\/\/www.wacom.com\/en-us\/products\/pen-displays\/cintiq-22-hd\" target=\"_blank\">avec sa cintiq<\/a> nous vend cet outil depuis fort longtemps, et cela marche impeccablement bien\u00a0! \u00a0Mais le tarif est sal\u00e9 lorsqu\u2019il faut acheter le bidule ET un ordinateur pour le faire tourner. Ici l\u2019on parle d\u2019un All in One\u00a0!<\/p>\n<p style=\"text-align: justify;\">Mais ce qui est bien, c\u2019est que comme toute nouvelle machine, la premi\u00e8re it\u00e9ration n\u2019est certes pas parfaite, mais le concept y est, et les \u00e9volutions vont sacr\u00e9ment donner\u00a0! Alors continuez \u00e0 nous parler Microsoft, les autres sont soit pomm\u00e9s soit aux fraises (d\u00e9sol\u00e9 pour ce jeu de mot frugal mais honteux).<\/p>\n<h3 style=\"text-align: justify;\">Question d&rsquo;un lecteur :<\/h3>\n<p>&nbsp;<\/p>\n<p>[\/et_pb_text][et_pb_testimonial author=\u00a0\u00bbGuillaume\u00a0\u00bb job_title=\u00a0\u00bbMotion Designer\u00a0\u00bb url_new_window=\u00a0\u00bboff\u00a0\u00bb portrait_url=\u00a0\u00bbhttp:\/\/foxgraph.fr\/wp-content\/uploads\/2016\/11\/pourquoi-je-ne-reviendrai-jamais-chez-apple.png\u00a0\u00bb quote_icon=\u00a0\u00bbon\u00a0\u00bb use_background_color=\u00a0\u00bbon\u00a0\u00bb background_color=\u00a0\u00bb#f5f5f5&Prime; background_layout=\u00a0\u00bblight\u00a0\u00bb text_orientation=\u00a0\u00bbjustified\u00a0\u00bb admin_label=\u00a0\u00bbT\u00e9moignage\u00a0\u00bb use_border_color=\u00a0\u00bboff\u00a0\u00bb border_style=\u00a0\u00bbsolid\u00a0\u00bb disabled=\u00a0\u00bboff\u00a0\u00bb]<\/p>\n<p>Hello !<\/p>\n<p>Je suis tomb&eacute; par hasard sur ton site, et j&rsquo;y ai trouv&eacute; beaucoup de r&eacute;ponses aux questions que je me pose en ce moment : marre d&rsquo;apple, j&rsquo;aimerais passer sur PC !-) Je suis motion designer, sous after effects \/ photoshop \/ premiere \/ et C4D,&nbsp; et je pense acheter une surface pro 4 pour me faire un peu la main sous windows10, avant d&rsquo;acheter une vraie tour et l&acirc;cher compl&egrave;tement mon mac&#8230; De ce que j&rsquo;ai lu sur ton site, tu semble pleinement satisfait de ta surface. La suite Adobe tourne vraiment bien ? m&ecirc;me sur une config i5 \/ 8Go par exemple ?<\/p>\n<p>[\/et_pb_testimonial][et_pb_text background_layout=\u00a0\u00bblight\u00a0\u00bb text_orientation=\u00a0\u00bbjustified\u00a0\u00bb admin_label=\u00a0\u00bbTexte\u00a0\u00bb use_border_color=\u00a0\u00bboff\u00a0\u00bb border_style=\u00a0\u00bbsolid\u00a0\u00bb disabled=\u00a0\u00bboff\u00a0\u00bb]<\/p>\n<h3>Ma r\u00e9ponse :<\/h3>\n<p>Est-ce que la suite adobe marche sur une surface\u00a0? elle ronronnent m\u00eame ^^. \u00a0After effect et C4D, je ne peux pas trop dire, je n\u2019utilise pas assez ces logiciels, mais photoshop, illustrator, dream, indesign, premi\u00e8re pro et le reste de la bande, \u00e7a tourne comme une horloge\u00a0!<\/p>\n<p>Apr\u00e8s entendons-nous bien, lorsque j\u2019arrive sur des gros dossiers qui vont me demander la blinde de puissance, j\u2019ai une tour\u00a0!\u00a0Ne serait-ce que pour avoir la puissance de calcul d\u2019une carte graphique et utiliser l\u2019openGL. Pour le stockage des donn\u00e9es aussi, rien ne vaut une tour. La surface me sert et pour les travaux au stylet, en d\u00e9placement et pour les rendez-vous client. Tiens d\u2019ailleurs monter une vid\u00e9o au stylet, c\u2019est un r\u00e9gal\u00a0!<\/p>\n<p>[\/et_pb_text][\/et_pb_column][et_pb_column type=\u00a0\u00bb1_4&Prime; disabled=\u00a0\u00bboff\u00a0\u00bb parallax=\u00a0\u00bboff\u00a0\u00bb parallax_method=\u00a0\u00bbon\u00a0\u00bb column_padding_mobile=\u00a0\u00bbon\u00a0\u00bb][et_pb_sidebar orientation=\u00a0\u00bbright\u00a0\u00bb area=\u00a0\u00bbsidebar-1&Prime; background_layout=\u00a0\u00bblight\u00a0\u00bb remove_border=\u00a0\u00bboff\u00a0\u00bb admin_label=\u00a0\u00bbBarre lat\u00e9rale\u00a0\u00bb disabled=\u00a0\u00bboff\u00a0\u00bb]<br \/>\n[\/et_pb_sidebar][\/et_pb_column][\/et_pb_row][et_pb_row make_fullwidth=\u00a0\u00bboff\u00a0\u00bb use_custom_width=\u00a0\u00bboff\u00a0\u00bb width_unit=\u00a0\u00bboff\u00a0\u00bb custom_width_px=\u00a0\u00bb1080px\u00a0\u00bb custom_width_percent=\u00a0\u00bb80%\u00a0\u00bb use_custom_gutter=\u00a0\u00bboff\u00a0\u00bb gutter_width=\u00a0\u00bb2&Prime; padding_mobile=\u00a0\u00bboff\u00a0\u00bb allow_player_pause=\u00a0\u00bboff\u00a0\u00bb parallax=\u00a0\u00bboff\u00a0\u00bb parallax_method=\u00a0\u00bbon\u00a0\u00bb make_equal=\u00a0\u00bboff\u00a0\u00bb column_padding_mobile=\u00a0\u00bbon\u00a0\u00bb parallax_1=\u00a0\u00bboff\u00a0\u00bb parallax_method_1=\u00a0\u00bbon\u00a0\u00bb parallax_2=\u00a0\u00bboff\u00a0\u00bb parallax_method_2=\u00a0\u00bbon\u00a0\u00bb parallax_3=\u00a0\u00bboff\u00a0\u00bb parallax_method_3=\u00a0\u00bbon\u00a0\u00bb parallax_4=\u00a0\u00bboff\u00a0\u00bb parallax_method_4=\u00a0\u00bbon\u00a0\u00bb admin_label=\u00a0\u00bbLigne\u00a0\u00bb disabled=\u00a0\u00bboff\u00a0\u00bb][et_pb_column type=\u00a0\u00bb4_4&Prime; disabled=\u00a0\u00bboff\u00a0\u00bb parallax=\u00a0\u00bboff\u00a0\u00bb parallax_method=\u00a0\u00bbon\u00a0\u00bb column_padding_mobile=\u00a0\u00bbon\u00a0\u00bb][et_pb_divider color=\u00a0\u00bb#ffffff\u00a0\u00bb height=\u00a0\u00bb30&Prime; divider_style=\u00a0\u00bbsolid\u00a0\u00bb divider_position=\u00a0\u00bbtop\u00a0\u00bb divider_weight=\u00a0\u00bb1px\u00a0\u00bb hide_on_mobile=\u00a0\u00bbon\u00a0\u00bb admin_label=\u00a0\u00bbS\u00e9parateur\u00a0\u00bb disabled=\u00a0\u00bboff\u00a0\u00bb]<br \/>\n[\/et_pb_divider][et_pb_text background_layout=\u00a0\u00bblight\u00a0\u00bb text_orientation=\u00a0\u00bbleft\u00a0\u00bb admin_label=\u00a0\u00bbTexte\u00a0\u00bb module_class=\u00a0\u00bbtitre\u00a0\u00bb use_border_color=\u00a0\u00bboff\u00a0\u00bb border_style=\u00a0\u00bbsolid\u00a0\u00bb disabled=\u00a0\u00bboff\u00a0\u00bb]<\/p>\n<h1>COMMENTAIRES<\/h1>\n<p>[\/et_pb_text][\/et_pb_column][\/et_pb_row][\/et_pb_section]<\/p>\n","protected":false},"excerpt":{"rendered":"<p>R\u00e9cemment les conf\u00e9rences de Microsoft et Apple ont eu lieu. On a pu admirer le nouveau Surface studio, baver puis r\u00eaver de jouer avec travailler dessus. Mais qu\u2019en est-il de notre marque historique \u00e0 nous graphistes, autrement dit Apple ? Eh bien, une fois n\u2019est pas coutume, celle-ci nous snob totalement, voire se moque totalement de nous.<\/p>\n","protected":false},"author":1,"featured_media":1576,"comment_status":"open","ping_status":"open","sticky":false,"template":"","format":"standard","meta":{"jetpack_post_was_ever_published":false},"categories":[18],"tags":[43,41,44,42],"aioseo_notices":[],"jetpack_featured_media_url":"https:\/\/foxgraph.fr\/wp-content\/uploads\/2016\/11\/pourquoi-je-ne-reviendrais-jamais-chez-apple.jpg","jetpack_sharing_enabled":true,"_links":{"self":[{"href":"https:\/\/foxgraph.fr\/index.php\/wp-json\/wp\/v2\/posts\/1575"}],"collection":[{"href":"https:\/\/foxgraph.fr\/index.php\/wp-json\/wp\/v2\/posts"}],"about":[{"href":"https:\/\/foxgraph.fr\/index.php\/wp-json\/wp\/v2\/types\/post"}],"author":[{"embeddable":true,"href":"https:\/\/foxgraph.fr\/index.php\/wp-json\/wp\/v2\/users\/1"}],"replies":[{"embeddable":true,"href":"https:\/\/foxgraph.fr\/index.php\/wp-json\/wp\/v2\/comments?post=1575"}],"version-history":[{"count":24,"href":"https:\/\/foxgraph.fr\/index.php\/wp-json\/wp\/v2\/posts\/1575\/revisions"}],"predecessor-version":[{"id":1763,"href":"https:\/\/foxgraph.fr\/index.php\/wp-json\/wp\/v2\/posts\/1575\/revisions\/1763"}],"wp:featuredmedia":[{"embeddable":true,"href":"https:\/\/foxgraph.fr\/index.php\/wp-json\/wp\/v2\/media\/1576"}],"wp:attachment":[{"href":"https:\/\/foxgraph.fr\/index.php\/wp-json\/wp\/v2\/media?parent=1575"}],"wp:term":[{"taxonomy":"category","embeddable":true,"href":"https:\/\/foxgraph.fr\/index.php\/wp-json\/wp\/v2\/categories?post=1575"},{"taxonomy":"post_tag","embeddable":true,"href":"https:\/\/foxgraph.fr\/index.php\/wp-json\/wp\/v2\/tags?post=1575"}],"curies":[{"name":"wp","href":"https:\/\/api.w.org\/{rel}","templated":true}]}}